[{"@context":"https:\/\/schema.org\/","@type":"Article","@id":"https:\/\/www.relinda.cz\/domov-je-moje-stesti\/#Article","mainEntityOfPage":"https:\/\/www.relinda.cz\/domov-je-moje-stesti\/","headline":"Domov je moje \u0161t\u011bst\u00ed","name":"Domov je moje \u0161t\u011bst\u00ed","description":"Nejsem zast\u00e1nce toho, \u017ee bych musela ka\u017ed\u00fd rok jezdit na dovolenou nebo i p\u0159es rok. No, lidi, ale p\u0159es rok na dovolenou jezd\u00edm a cht\u011bj\u00ed si u\u017e\u00edvat kr\u00e1sn\u00e9ho mo\u0159e a vody. Ne, \u017ee bych vodu nemilovala, j\u00e1 ji pr\u00e1v\u011b hodn\u011b miluji, proto\u017ee voda je to nejd\u016fle\u017eit\u011bj\u0161\u00ed, co \u010dlov\u011bk m\u016f\u017ee m\u00edt. A hlavn\u011b si t\u00edm po\u0159\u00e1dn\u011b zarelaxuje se sv\u00fdm t\u011blem. Mysl\u00edm si, \u017ee mnoho lid\u00ed m\u00e1 r\u00e1do vodu, proto\u017ee je velice pozitivn\u00ed, a hlavn\u011b dod\u00e1v\u00e1 t\u011blu a lidsk\u00e9 mysli velkou pozitivitu. N\u011bkdo jako j\u00e1 ale prost\u011b na dovolenou nejezd\u00ed a jsou sp\u00ed\u0161e dom\u00e1c\u00ed typy. J\u00e1 takov\u00fd dom\u00e1c\u00ed typ jsem a v\u016fbec se za to nestyd\u00edm, proto\u017ee ka\u017ed\u00fd jsme, jak\u00fd jsme, a j\u00e1 si u\u017e\u00edv\u00e1m kr\u00e1sn\u00e9 chv\u00edle doma. D\u00edky tomu, \u017ee m\u00e1m d\u016fm a zahradu, si mohu dovolit v\u00edc ne\u017e \u010dlov\u011bk, kter\u00fd \u017eije t\u0159eba v bytovce. T\u00edm, \u017ee bydl\u00edte v dom\u011b, je to velk\u00e1 v\u00fdhoda, a j\u00e1 takovou v\u00fdhodu m\u00e1m, a proto mo\u017en\u00e1 nejsem ani na to, abych jezdila na dovolenou a u\u017e\u00edvala si vody n\u011bkde jinde, kdy\u017e v\u00edm, \u017ee takovou kr\u00e1snou a skv\u011blou vodu mohu u\u017e\u00edvat p\u0159\u00edmo doma. D\u00edky baz\u00e9nu si mohu u\u017e\u00edvat zahrady a vody, jak chci a kdy chci. Sice ch\u00e1pu, \u017ee mo\u0159e je velk\u00e9, ale mn\u011b by sta\u010dil m\u016fj plastov\u00fd baz\u00e9n, kter\u00fd m\u00e1m na zahrad\u011b, a naprosto mi sta\u010d\u00ed \u00fapln\u011b se v\u0161\u00edm v\u0161udy. V\u016fbec si nest\u011b\u017euji a jsem r\u00e1da, \u017ee takov\u00fd baz\u00e9n doma m\u00e1m. Jist\u011b ho maj\u00ed i lid\u00e9, kte\u0159\u00ed na dovolenou jezd\u00ed, ale mn\u011b sta\u010d\u00ed m\u00e1lo ke \u0161t\u011bst\u00ed, jak se \u0159\u00edk\u00e1, a jsem r\u00e1da za to, \u017ee kdy\u017e si ud\u011bl\u00e1m ten sv\u016fj relax doma hezk\u00fd u sv\u00e9ho baz\u00e9nu s vodou, kde si i zaplavu, proto\u017ee m\u00e1m pom\u011brn\u011b velk\u00fd baz\u00e9n, a jsem r\u00e1da, \u017ee nemus\u00edm utr\u00e1cet za dovolenou, a je\u0161t\u011b u\u0161et\u0159\u00edm pen\u00edze. Pokud takov\u00fd pocit nem\u00e1te, kdy\u017e doma m\u00e1te baz\u00e9n, tak si mysl\u00edm, \u017ee pr\u00e1v\u011b takov\u00fd pocit toho v\u0161eho vyd\u00e1v\u00e1, a mn\u011b takov\u00fd pocit z toho prost\u011b p\u0159ipad\u00e1. Jsem r\u00e1da za to, \u017ee d\u00edky tomu, \u017ee m\u00e1m zahradu, mohu m\u00edt i baz\u00e9n a mohu si tam u\u017e\u00edt i skv\u011blou dovolenou. Ka\u017ed\u00fd si pro sebe mus\u00ed v \u017eivot\u011b vytvo\u0159it to co si nejv\u00edc p\u0159eje. 4\/5 - (14 votes)","datePublished":"2024-11-10","dateModified":"2024-11-10","author":{"@type":"Person","@id":"https:\/\/www.relinda.cz\/author\/#Person","name":"","url":"https:\/\/www.relinda.cz\/author\/","identifier":1,"image":{"@type":"ImageObject","@id":"https:\/\/secure.gravatar.com\/avatar\/f08fec9e5d161146672022190172bcb121f980bd7a64f251ea643f4b19d0f071?s=96&d=mm&r=g","url":"https:\/\/secure.gravatar.com\/avatar\/f08fec9e5d161146672022190172bcb121f980bd7a64f251ea643f4b19d0f071?s=96&d=mm&r=g","height":96,"width":96}},"publisher":{"@type":"Organization","name":"relinda.cz","logo":{"@type":"ImageObject","@id":"\/logo.png","url":"\/logo.png","width":600,"height":60}},"image":{"@type":"ImageObject","@id":"https:\/\/www.relinda.cz\/wp-content\/uploads\/summertime-1845227_640_6.jpg","url":"https:\/\/www.relinda.cz\/wp-content\/uploads\/summertime-1845227_640_6.jpg","height":0,"width":0},"url":"https:\/\/www.relinda.cz\/domov-je-moje-stesti\/","about":["Produkty"],"wordCount":459,"articleBody":"   Nejsem zast\u00e1nce toho, \u017ee bych musela ka\u017ed\u00fd rok jezdit na dovolenou nebo i p\u0159es rok. No, lidi, ale p\u0159es rok na dovolenou jezd\u00edm a cht\u011bj\u00ed si u\u017e\u00edvat kr\u00e1sn\u00e9ho mo\u0159e a vody. Ne, \u017ee bych vodu nemilovala, j\u00e1 ji pr\u00e1v\u011b hodn\u011b miluji, proto\u017ee voda je to nejd\u016fle\u017eit\u011bj\u0161\u00ed, co \u010dlov\u011bk m\u016f\u017ee m\u00edt. A hlavn\u011b si t\u00edm po\u0159\u00e1dn\u011b zarelaxuje se sv\u00fdm t\u011blem. Mysl\u00edm si, \u017ee mnoho lid\u00ed m\u00e1 r\u00e1do vodu, proto\u017ee je velice pozitivn\u00ed, a hlavn\u011b dod\u00e1v\u00e1 t\u011blu a lidsk\u00e9 mysli velkou pozitivitu. N\u011bkdo jako j\u00e1 ale prost\u011b na dovolenou nejezd\u00ed a jsou sp\u00ed\u0161e dom\u00e1c\u00ed typy. J\u00e1 takov\u00fd dom\u00e1c\u00ed typ jsem a v\u016fbec se za to nestyd\u00edm, proto\u017ee ka\u017ed\u00fd jsme, jak\u00fd jsme, a j\u00e1 si u\u017e\u00edv\u00e1m kr\u00e1sn\u00e9 chv\u00edle doma. D\u00edky tomu, \u017ee m\u00e1m d\u016fm a zahradu, si mohu dovolit v\u00edc ne\u017e \u010dlov\u011bk, kter\u00fd \u017eije t\u0159eba v bytovce. T\u00edm, \u017ee bydl\u00edte v dom\u011b, je to velk\u00e1 v\u00fdhoda, a j\u00e1 takovou v\u00fdhodu m\u00e1m, a proto mo\u017en\u00e1 nejsem ani na to, abych jezdila na dovolenou a u\u017e\u00edvala si vody n\u011bkde jinde, kdy\u017e v\u00edm, \u017ee takovou kr\u00e1snou a skv\u011blou vodu mohu u\u017e\u00edvat p\u0159\u00edmo doma. D\u00edky baz\u00e9nu si mohu u\u017e\u00edvat zahrady a vody, jak chci a kdy chci. Sice ch\u00e1pu, \u017ee mo\u0159e je velk\u00e9, ale mn\u011b by sta\u010dil m\u016fj plastov\u00fd baz\u00e9n, kter\u00fd m\u00e1m na zahrad\u011b, a naprosto mi sta\u010d\u00ed \u00fapln\u011b se v\u0161\u00edm v\u0161udy. V\u016fbec si nest\u011b\u017euji a jsem r\u00e1da, \u017ee takov\u00fd baz\u00e9n doma m\u00e1m. Jist\u011b ho maj\u00ed i lid\u00e9, kte\u0159\u00ed na dovolenou jezd\u00ed, ale mn\u011b sta\u010d\u00ed m\u00e1lo ke \u0161t\u011bst\u00ed, jak se \u0159\u00edk\u00e1, a jsem r\u00e1da za to, \u017ee kdy\u017e si ud\u011bl\u00e1m ten sv\u016fj relax doma hezk\u00fd u sv\u00e9ho baz\u00e9nu s vodou, kde si i zaplavu, proto\u017ee m\u00e1m pom\u011brn\u011b velk\u00fd baz\u00e9n, a jsem r\u00e1da, \u017ee nemus\u00edm utr\u00e1cet za dovolenou, a je\u0161t\u011b u\u0161et\u0159\u00edm pen\u00edze. Pokud takov\u00fd pocit nem\u00e1te, kdy\u017e doma m\u00e1te baz\u00e9n, tak si mysl\u00edm, \u017ee pr\u00e1v\u011b takov\u00fd pocit toho v\u0161eho vyd\u00e1v\u00e1, a mn\u011b takov\u00fd pocit z toho prost\u011b p\u0159ipad\u00e1. Jsem r\u00e1da za to, \u017ee d\u00edky tomu, \u017ee m\u00e1m zahradu, mohu m\u00edt i baz\u00e9n a mohu si tam u\u017e\u00edt i skv\u011blou dovolenou. Ka\u017ed\u00fd si pro sebe mus\u00ed v \u017eivot\u011b vytvo\u0159it to co si nejv\u00edc p\u0159eje.                                                                                                                                                                                                                                                                                                                                                                                           4\/5 - (14 votes)        "},{"@context":"https:\/\/schema.org\/","@type":"BreadcrumbList","itemListElement":[{"@type":"ListItem","position":1,"name":"Domov je moje \u0161t\u011bst\u00ed","item":"https:\/\/www.relinda.cz\/domov-je-moje-stesti\/#breadcrumbitem"}]}]