[{"@context":"https:\/\/schema.org\/","@type":"Blog","@id":"https:\/\/www.relinda.cz#Blog","headline":"Relinda","description":"\n\u017d\u00e1dn\u00fd st\u00e1t se neobejde bez funguj\u00edc\u00edho trhu. Kdy\u017e na tomto panuje dysbalance, neda\u0159\u00ed se ekonomice jako celku a dopl\u00e1cej\u00ed tu na to \u00fapln\u011b v\u0161ichni.","url":"https:\/\/www.relinda.cz","hasPart":[{"@type":"Article","@id":"https:\/\/www.relinda.cz\/nechcete-postradat-sex\/","headline":"Nechcete postr\u00e1dat sex?","url":"https:\/\/www.relinda.cz\/nechcete-postradat-sex\/","datePublished":"2023-09-20","dateModified":"2024-05-29","mainEntityOfPage":"https:\/\/www.relinda.cz\/nechcete-postradat-sex\/","author":{"@type":"Person","@id":"https:\/\/www.relinda.cz\/author\/#Person","name":"","url":"https:\/\/www.relinda.cz\/author\/","identifier":1,"image":{"@type":"ImageObject","@id":"https:\/\/secure.gravatar.com\/avatar\/f08fec9e5d161146672022190172bcb121f980bd7a64f251ea643f4b19d0f071?s=96&d=mm&r=g","url":"https:\/\/secure.gravatar.com\/avatar\/f08fec9e5d161146672022190172bcb121f980bd7a64f251ea643f4b19d0f071?s=96&d=mm&r=g","height":96,"width":96}},"publisher":{"@type":"Organization","name":"relinda.cz","logo":{"@type":"ImageObject","@id":"\/logo.png","url":"\/logo.png","width":600,"height":60}},"image":{"@type":"ImageObject","@id":"https:\/\/www.relinda.cz\/wp-content\/uploads\/eeeeeeeeeeeeeeeeeeeeeeee_3.jpg","url":"https:\/\/www.relinda.cz\/wp-content\/uploads\/eeeeeeeeeeeeeeeeeeeeeeee_3.jpg","height":0,"width":0},"wordCount":594,"keywords":null},{"@type":"Article","@id":"https:\/\/www.relinda.cz\/pohodlna-pomoc-pro-vsechny-hospodynky\/","headline":"Pohodln\u00e1 pomoc pro v\u0161echny hospody\u0148ky","url":"https:\/\/www.relinda.cz\/pohodlna-pomoc-pro-vsechny-hospodynky\/","datePublished":"2023-09-13","dateModified":"2023-09-13","mainEntityOfPage":"https:\/\/www.relinda.cz\/pohodlna-pomoc-pro-vsechny-hospodynky\/","author":{"@type":"Person","@id":"https:\/\/www.relinda.cz\/author\/#Person","name":"","url":"https:\/\/www.relinda.cz\/author\/","identifier":1,"image":{"@type":"ImageObject","@id":"https:\/\/secure.gravatar.com\/avatar\/f08fec9e5d161146672022190172bcb121f980bd7a64f251ea643f4b19d0f071?s=96&d=mm&r=g","url":"https:\/\/secure.gravatar.com\/avatar\/f08fec9e5d161146672022190172bcb121f980bd7a64f251ea643f4b19d0f071?s=96&d=mm&r=g","height":96,"width":96}},"publisher":{"@type":"Organization","name":"relinda.cz","logo":{"@type":"ImageObject","@id":"\/logo.png","url":"\/logo.png","width":600,"height":60}},"image":null,"wordCount":258,"keywords":null},{"@type":"Article","@id":"https:\/\/www.relinda.cz\/usetrit-neni-obtizne\/","headline":"U\u0161et\u0159it nen\u00ed obt\u00ed\u017en\u00e9","url":"https:\/\/www.relinda.cz\/usetrit-neni-obtizne\/","datePublished":"2023-08-08","dateModified":"2023-08-08","mainEntityOfPage":"https:\/\/www.relinda.cz\/usetrit-neni-obtizne\/","author":{"@type":"Person","@id":"https:\/\/www.relinda.cz\/author\/#Person","name":"","url":"https:\/\/www.relinda.cz\/author\/","identifier":1,"image":{"@type":"ImageObject","@id":"https:\/\/secure.gravatar.com\/avatar\/f08fec9e5d161146672022190172bcb121f980bd7a64f251ea643f4b19d0f071?s=96&d=mm&r=g","url":"https:\/\/secure.gravatar.com\/avatar\/f08fec9e5d161146672022190172bcb121f980bd7a64f251ea643f4b19d0f071?s=96&d=mm&r=g","height":96,"width":96}},"publisher":{"@type":"Organization","name":"relinda.cz","logo":{"@type":"ImageObject","@id":"\/logo.png","url":"\/logo.png","width":600,"height":60}},"image":null,"wordCount":283,"keywords":null},{"@type":"Article","@id":"https:\/\/www.relinda.cz\/zachrante-nekomu-zivot\/","headline":"Zachra\u0148te n\u011bkomu \u017eivot","url":"https:\/\/www.relinda.cz\/zachrante-nekomu-zivot\/","datePublished":"2023-07-04","dateModified":"2024-07-07","mainEntityOfPage":"https:\/\/www.relinda.cz\/zachrante-nekomu-zivot\/","author":{"@type":"Person","@id":"https:\/\/www.relinda.cz\/author\/#Person","name":"","url":"https:\/\/www.relinda.cz\/author\/","identifier":1,"image":{"@type":"ImageObject","@id":"https:\/\/secure.gravatar.com\/avatar\/f08fec9e5d161146672022190172bcb121f980bd7a64f251ea643f4b19d0f071?s=96&d=mm&r=g","url":"https:\/\/secure.gravatar.com\/avatar\/f08fec9e5d161146672022190172bcb121f980bd7a64f251ea643f4b19d0f071?s=96&d=mm&r=g","height":96,"width":96}},"publisher":{"@type":"Organization","name":"relinda.cz","logo":{"@type":"ImageObject","@id":"\/logo.png","url":"\/logo.png","width":600,"height":60}},"image":null,"wordCount":278,"keywords":null},{"@type":"Article","@id":"https:\/\/www.relinda.cz\/5-duvodu-proc-vyjet-do-sveta\/","headline":"5 d\u016fvod\u016f, pro\u010d vyjet do sv\u011bta","url":"https:\/\/www.relinda.cz\/5-duvodu-proc-vyjet-do-sveta\/","datePublished":"2023-06-14","dateModified":"2023-06-14","mainEntityOfPage":"https:\/\/www.relinda.cz\/5-duvodu-proc-vyjet-do-sveta\/","author":{"@type":"Person","@id":"https:\/\/www.relinda.cz\/author\/#Person","name":"","url":"https:\/\/www.relinda.cz\/author\/","identifier":1,"image":{"@type":"ImageObject","@id":"https:\/\/secure.gravatar.com\/avatar\/f08fec9e5d161146672022190172bcb121f980bd7a64f251ea643f4b19d0f071?s=96&d=mm&r=g","url":"https:\/\/secure.gravatar.com\/avatar\/f08fec9e5d161146672022190172bcb121f980bd7a64f251ea643f4b19d0f071?s=96&d=mm&r=g","height":96,"width":96}},"publisher":{"@type":"Organization","name":"relinda.cz","logo":{"@type":"ImageObject","@id":"\/logo.png","url":"\/logo.png","width":600,"height":60}},"image":{"@type":"ImageObject","@id":"https:\/\/www.relinda.cz\/wp-content\/uploads\/img_a344165_w2261_t1557652371.jpg","url":"https:\/\/www.relinda.cz\/wp-content\/uploads\/img_a344165_w2261_t1557652371.jpg","height":0,"width":0},"wordCount":603,"keywords":null},{"@type":"Article","@id":"https:\/\/www.relinda.cz\/colin-firth-jako-muz-dzentlmen\/","headline":"Colin Firth jako mu\u017e d\u017eentlmen","url":"https:\/\/www.relinda.cz\/colin-firth-jako-muz-dzentlmen\/","datePublished":"2023-06-14","dateModified":"2023-06-14","mainEntityOfPage":"https:\/\/www.relinda.cz\/colin-firth-jako-muz-dzentlmen\/","author":{"@type":"Person","@id":"https:\/\/www.relinda.cz\/author\/#Person","name":"","url":"https:\/\/www.relinda.cz\/author\/","identifier":1,"image":{"@type":"ImageObject","@id":"https:\/\/secure.gravatar.com\/avatar\/f08fec9e5d161146672022190172bcb121f980bd7a64f251ea643f4b19d0f071?s=96&d=mm&r=g","url":"https:\/\/secure.gravatar.com\/avatar\/f08fec9e5d161146672022190172bcb121f980bd7a64f251ea643f4b19d0f071?s=96&d=mm&r=g","height":96,"width":96}},"publisher":{"@type":"Organization","name":"relinda.cz","logo":{"@type":"ImageObject","@id":"\/logo.png","url":"\/logo.png","width":600,"height":60}},"image":{"@type":"ImageObject","@id":"https:\/\/www.relinda.cz\/wp-content\/uploads\/img_a342645_w2574_t1555925155.jpg","url":"https:\/\/www.relinda.cz\/wp-content\/uploads\/img_a342645_w2574_t1555925155.jpg","height":0,"width":0},"wordCount":432,"keywords":null},{"@type":"Article","@id":"https:\/\/www.relinda.cz\/hodnoceni-stevea-jobse-jako-manazera\/","headline":"Hodnocen\u00ed Stevea Jobse jako mana\u017eera","url":"https:\/\/www.relinda.cz\/hodnoceni-stevea-jobse-jako-manazera\/","datePublished":"2023-06-14","dateModified":"2023-06-14","mainEntityOfPage":"https:\/\/www.relinda.cz\/hodnoceni-stevea-jobse-jako-manazera\/","author":{"@type":"Person","@id":"https:\/\/www.relinda.cz\/author\/#Person","name":"","url":"https:\/\/www.relinda.cz\/author\/","identifier":1,"image":{"@type":"ImageObject","@id":"https:\/\/secure.gravatar.com\/avatar\/f08fec9e5d161146672022190172bcb121f980bd7a64f251ea643f4b19d0f071?s=96&d=mm&r=g","url":"https:\/\/secure.gravatar.com\/avatar\/f08fec9e5d161146672022190172bcb121f980bd7a64f251ea643f4b19d0f071?s=96&d=mm&r=g","height":96,"width":96}},"publisher":{"@type":"Organization","name":"relinda.cz","logo":{"@type":"ImageObject","@id":"\/logo.png","url":"\/logo.png","width":600,"height":60}},"image":{"@type":"ImageObject","@id":"https:\/\/www.relinda.cz\/wp-content\/uploads\/img_a304453_w2066_t1515531472.png","url":"https:\/\/www.relinda.cz\/wp-content\/uploads\/img_a304453_w2066_t1515531472.png","height":0,"width":0},"wordCount":490,"keywords":null},{"@type":"Article","@id":"https:\/\/www.relinda.cz\/spokojenost-na-prvnim-miste\/","headline":"Spokojenost na prvn\u00edm m\u00edst\u011b","url":"https:\/\/www.relinda.cz\/spokojenost-na-prvnim-miste\/","datePublished":"2023-06-14","dateModified":"2023-06-14","mainEntityOfPage":"https:\/\/www.relinda.cz\/spokojenost-na-prvnim-miste\/","author":{"@type":"Person","@id":"https:\/\/www.relinda.cz\/author\/#Person","name":"","url":"https:\/\/www.relinda.cz\/author\/","identifier":1,"image":{"@type":"ImageObject","@id":"https:\/\/secure.gravatar.com\/avatar\/f08fec9e5d161146672022190172bcb121f980bd7a64f251ea643f4b19d0f071?s=96&d=mm&r=g","url":"https:\/\/secure.gravatar.com\/avatar\/f08fec9e5d161146672022190172bcb121f980bd7a64f251ea643f4b19d0f071?s=96&d=mm&r=g","height":96,"width":96}},"publisher":{"@type":"Organization","name":"relinda.cz","logo":{"@type":"ImageObject","@id":"\/logo.png","url":"\/logo.png","width":600,"height":60}},"image":null,"wordCount":399,"keywords":null},{"@type":"Article","@id":"https:\/\/www.relinda.cz\/zatukala-vam-zima-na-dvere\/","headline":"Za\u0165ukala V\u00e1m zima na dve\u0159e?","url":"https:\/\/www.relinda.cz\/zatukala-vam-zima-na-dvere\/","datePublished":"2023-06-14","dateModified":"2023-06-14","mainEntityOfPage":"https:\/\/www.relinda.cz\/zatukala-vam-zima-na-dvere\/","author":{"@type":"Person","@id":"https:\/\/www.relinda.cz\/author\/#Person","name":"","url":"https:\/\/www.relinda.cz\/author\/","identifier":1,"image":{"@type":"ImageObject","@id":"https:\/\/secure.gravatar.com\/avatar\/f08fec9e5d161146672022190172bcb121f980bd7a64f251ea643f4b19d0f071?s=96&d=mm&r=g","url":"https:\/\/secure.gravatar.com\/avatar\/f08fec9e5d161146672022190172bcb121f980bd7a64f251ea643f4b19d0f071?s=96&d=mm&r=g","height":96,"width":96}},"publisher":{"@type":"Organization","name":"relinda.cz","logo":{"@type":"ImageObject","@id":"\/logo.png","url":"\/logo.png","width":600,"height":60}},"image":null,"wordCount":525,"keywords":null},{"@type":"Article","@id":"https:\/\/www.relinda.cz\/jidlem-ke-zdravi\/","headline":"J\u00eddlem ke zdrav\u00ed","url":"https:\/\/www.relinda.cz\/jidlem-ke-zdravi\/","datePublished":"2023-05-28","dateModified":"2024-03-28","mainEntityOfPage":"https:\/\/www.relinda.cz\/jidlem-ke-zdravi\/","author":{"@type":"Person","@id":"https:\/\/www.relinda.cz\/author\/#Person","name":"","url":"https:\/\/www.relinda.cz\/author\/","identifier":1,"image":{"@type":"ImageObject","@id":"https:\/\/secure.gravatar.com\/avatar\/f08fec9e5d161146672022190172bcb121f980bd7a64f251ea643f4b19d0f071?s=96&d=mm&r=g","url":"https:\/\/secure.gravatar.com\/avatar\/f08fec9e5d161146672022190172bcb121f980bd7a64f251ea643f4b19d0f071?s=96&d=mm&r=g","height":96,"width":96}},"publisher":{"@type":"Organization","name":"relinda.cz","logo":{"@type":"ImageObject","@id":"\/logo.png","url":"\/logo.png","width":600,"height":60}},"image":{"@type":"ImageObject","@id":"https:\/\/www.relinda.cz\/wp-content\/uploads\/jonas-kakaroto-5JQH9Iqnm9o-unsplash_3.jpg","url":"https:\/\/www.relinda.cz\/wp-content\/uploads\/jonas-kakaroto-5JQH9Iqnm9o-unsplash_3.jpg","height":0,"width":0},"wordCount":899,"keywords":null}]},{"@context":"https:\/\/schema.org","@type":"WebSite","@id":"https:\/\/www.relinda.cz\/#website","name":"Relinda","url":"https:\/\/www.relinda.cz","potentialAction":{"@type":"SearchAction","target":"https:\/\/www.relinda.cz\/?s={search_term_string}","query-input":"required name=search_term_string"}}]